{"id":819,"date":"2024-01-17T18:07:09","date_gmt":"2024-01-17T17:07:09","guid":{"rendered":"https:\/\/www.kopernikusschule.de\/cms\/?p=819"},"modified":"2024-01-17T18:25:00","modified_gmt":"2024-01-17T17:25:00","slug":"abmeldung-von-schuelerinnen-und-schuelern-vom-unterricht-aufgrund-extremer-wetterlage-durch-erziehungsberechtigte","status":"publish","type":"post","link":"https:\/\/www.kopernikusschule.de\/cms\/abmeldung-von-schuelerinnen-und-schuelern-vom-unterricht-aufgrund-extremer-wetterlage-durch-erziehungsberechtigte\/","title":{"rendered":"Abmeldung von Sch\u00fclerinnen und Sch\u00fclern vom Unterricht aufgrund extremer Wetterlage durch Erziehungsberechtigte"},"content":{"rendered":"\t\t<div data-elementor-type=\"wp-post\" data-elementor-id=\"819\" class=\"elementor elementor-819\" data-elementor-settings=\"{&quot;ha_cmc_init_switcher&quot;:&quot;no&quot;}\">\n\t\t\t\t\t\t<section class=\"elementor-section elementor-top-section elementor-element elementor-element-16cd1fe elementor-section-boxed elementor-section-height-default elementor-section-height-default wpr-particle-no wpr-jarallax-no wpr-parallax-no wpr-sticky-section-no wpr-equal-height-no\" data-id=\"16cd1fe\" data-element_type=\"section\" data-e-type=\"section\" data-settings=\"{&quot;_ha_eqh_enable&quot;:false}\">\n\t\t\t\t\t\t<div class=\"elementor-container elementor-column-gap-default\">\n\t\t\t\t\t<div class=\"elementor-column elementor-col-100 elementor-top-column elementor-element elementor-element-40181c4\" data-id=\"40181c4\" data-element_type=\"column\" data-e-type=\"column\">\n\t\t\t<div class=\"elementor-widget-wrap elementor-element-populated\">\n\t\t\t\t\t\t<div class=\"elementor-element elementor-element-10c787c elementor-widget elementor-widget-text-editor\" data-id=\"10c787c\" data-element_type=\"widget\" data-e-type=\"widget\" data-widget_type=\"text-editor.default\">\n\t\t\t\t<div class=\"elementor-widget-container\">\n\t\t\t\t\t\t\t\t\t<p>Liebe Eltern, sehr geehrte Erziehungsberechtigte, liebe Sch\u00fclerinnen und Sch\u00fcler, liebe Kolleginnen und Kollegen,<\/p><p>mit Schulmail vom 17.01.2024 hat die Bezirksregierung Arnsberg mitgeteilt, dass der Pr\u00e4senzunterricht nur in den Regionen Hochsauerlandkreis, Olpe und Siegen am 18.01.24 nicht stattfindet. Dies bedeutet f\u00fcr unsere Schule, dass der Pr\u00e4senzunterricht stattfindet.<\/p><p>Erziehungsberechtigte haben dennoch die folgende M\u00f6glichkeit: &#8220; in anderen ggf. lokal betroffenen Regionen k\u00f6nnen grunds\u00e4tzlich die Eltern entscheiden , ob der Schulweg zumutbar und sicher ist. Bei extremen Wetterlagen k\u00f6nnen die Eltern morgens entscheiden, ihr Kind nicht in die Schule zu schicken. In diesem Fall ist die Schule umgehend zu informieren (Rd.Erl. 12-51 Nr. 1, Abschnitt 2, Abs. 2.1&#8243; (vgl. Schulmail vom 17.01.2024)<\/p><p>Dies bedeutet f\u00fcr Erziehungsberechtigte, dass Sie Ihr Kind morgen in der Schule abmelden m\u00fcssen, falls Sie Ihr Kind aus den oben genannten Gr\u00fcnden nicht zur Schule schicken.<\/p><p>Mit freundlichen Gr\u00fc\u00dfen<\/p><p>Claudia Seifert (Rektorin)<\/p>\t\t\t\t\t\t\t\t<\/div>\n\t\t\t\t<\/div>\n\t\t\t\t\t<\/div>\n\t\t<\/div>\n\t\t\t\t\t<\/div>\n\t\t<\/section>\n\t\t\t\t<\/div>\n\t\t","protected":false},"excerpt":{"rendered":"<p>Liebe Eltern, sehr geehrte Erziehungsberechtigte, liebe Sch\u00fclerinnen und Sch\u00fcler, liebe Kolleginnen und Kollegen, <\/p>\n<p>mit Schulmail vom 17.01.2024 hat die Bezirksregierung Arnsberg mitgeteilt, dass der Pr\u00e4senzunterricht nur in den Regionen Hochsauerlandkreis, Olpe und Siegen am 18.01.24 nicht stattfindet.<\/p>\n<p>Dies bedeutet f\u00fcr unsere Schule, dass der Pr\u00e4senzunterricht stattfindet. <\/p>\n<p>Erziehungsberechtigte haben dennoch die folgende M\u00f6glichkeit:<br \/>\n\u201d in anderen ggf. lokal betroffenen Regionen k\u00f6nnen grunds\u00e4tzlich die Eltern entscheiden , ob der Schulweg zumutbar und sicher ist. Bei extremen Wetterlagen k\u00f6nnen die Eltern morgens entscheiden, ihr Kind nicht in die Schule zu schicken. In diesem Fall ist die Schule umgehend zu informieren (Rd.Erl. 12-51 Nr. 1, Abschnitt 2, Abs. 2.1\u2033 (vgl. Schulmail vom 17.01.2024)<\/p>\n<p>Dies bedeutet f\u00fcr Erziehungsberechtigte, dass Sie Ihr Kind morgen in der Schule abmelden m\u00fcssen, falls Sie Ihr Kind aus den oben genannten Gr\u00fcnden nicht zur Schule schicken. <\/p>\n<p>Mit freundlichen Gr\u00fc\u00dfen<br \/>\nClaudia Seifert<br \/>\n(Rektorin)<\/p>\n","protected":false},"author":3,"featured_media":0,"comment_status":"closed","ping_status":"open","sticky":false,"template":"","format":"standard","meta":{"footnotes":""},"categories":[1],"tags":[],"class_list":["post-819","post","type-post","status-publish","format-standard","hentry","category-allgemein","entry"],"featured_image_src":null,"author_info":{"display_name":"Claudia Seifert","author_link":"https:\/\/www.kopernikusschule.de\/cms\/author\/claudia-seifert\/"},"_links":{"self":[{"href":"https:\/\/www.kopernikusschule.de\/cms\/wp-json\/wp\/v2\/posts\/819","targetHints":{"allow":["GET"]}}],"collection":[{"href":"https:\/\/www.kopernikusschule.de\/cms\/wp-json\/wp\/v2\/posts"}],"about":[{"href":"https:\/\/www.kopernikusschule.de\/cms\/wp-json\/wp\/v2\/types\/post"}],"author":[{"embeddable":true,"href":"https:\/\/www.kopernikusschule.de\/cms\/wp-json\/wp\/v2\/users\/3"}],"replies":[{"embeddable":true,"href":"https:\/\/www.kopernikusschule.de\/cms\/wp-json\/wp\/v2\/comments?post=819"}],"version-history":[{"count":5,"href":"https:\/\/www.kopernikusschule.de\/cms\/wp-json\/wp\/v2\/posts\/819\/revisions"}],"predecessor-version":[{"id":826,"href":"https:\/\/www.kopernikusschule.de\/cms\/wp-json\/wp\/v2\/posts\/819\/revisions\/826"}],"wp:attachment":[{"href":"https:\/\/www.kopernikusschule.de\/cms\/wp-json\/wp\/v2\/media?parent=819"}],"wp:term":[{"taxonomy":"category","embeddable":true,"href":"https:\/\/www.kopernikusschule.de\/cms\/wp-json\/wp\/v2\/categories?post=819"},{"taxonomy":"post_tag","embeddable":true,"href":"https:\/\/www.kopernikusschule.de\/cms\/wp-json\/wp\/v2\/tags?post=819"}],"curies":[{"name":"wp","href":"https:\/\/api.w.org\/{rel}","templated":true}]}}