{"id":1078,"date":"2025-02-20T14:55:09","date_gmt":"2025-02-20T13:55:09","guid":{"rendered":"https:\/\/www.kopernikusschule.de\/cms\/?p=1078"},"modified":"2025-02-20T14:55:18","modified_gmt":"2025-02-20T13:55:18","slug":"rlg-warnstreik-am-21-02-25","status":"publish","type":"post","link":"https:\/\/www.kopernikusschule.de\/cms\/rlg-warnstreik-am-21-02-25\/","title":{"rendered":"RLG Warnstreik am 21.02.25"},"content":{"rendered":"\t\t<div data-elementor-type=\"wp-post\" data-elementor-id=\"1078\" class=\"elementor elementor-1078\" data-elementor-settings=\"{&quot;ha_cmc_init_switcher&quot;:&quot;no&quot;}\">\n\t\t\t\t\t\t<section class=\"elementor-section elementor-top-section elementor-element elementor-element-53b1218 elementor-section-boxed elementor-section-height-default elementor-section-height-default wpr-particle-no wpr-jarallax-no wpr-parallax-no wpr-sticky-section-no wpr-equal-height-no\" data-id=\"53b1218\" data-element_type=\"section\" data-e-type=\"section\" data-settings=\"{&quot;_ha_eqh_enable&quot;:false}\">\n\t\t\t\t\t\t<div class=\"elementor-container elementor-column-gap-default\">\n\t\t\t\t\t<div class=\"elementor-column elementor-col-100 elementor-top-column elementor-element elementor-element-829e46e\" data-id=\"829e46e\" data-element_type=\"column\" data-e-type=\"column\">\n\t\t\t<div class=\"elementor-widget-wrap elementor-element-populated\">\n\t\t\t\t\t\t<div class=\"elementor-element elementor-element-44bcc16 elementor-widget elementor-widget-text-editor\" data-id=\"44bcc16\" data-element_type=\"widget\" data-e-type=\"widget\" data-widget_type=\"text-editor.default\">\n\t\t\t\t<div class=\"elementor-widget-container\">\n\t\t\t\t\t\t\t\t\t<p>Liebe Sch\u00fcler*innen,<\/p><p>am morgigen Freitag, den 21. Februar 2025, streiken die Besch\u00e4ftigten der RLG. Dadurch werden<br \/>zahlreiche Fahrten im Sch\u00fclerverkehr entfallen.<\/p><p>Bitte organisiert euch rechtzeitig und weicht auf alternative Fahrm\u00f6glichkeiten aus, damit ihr am <br \/>Unterricht teilnehmen k\u00f6nnt.<\/p><p>Zur Kentnisnahme h\u00e4nge ich folgende Information seitens der RLG an:<\/p><p><em><strong>Die Gewerkschaft Ver.di hat im Rahmen der aktuellen Tarifverhandlungen im \u00f6ffentlichen <\/strong><\/em><strong><em><br \/>Dienst am Freitag, 21. Februar, zu einem ganzt\u00e4gigen Warnstreik aufgerufen.<br \/><br \/>Betroffen ist auch die RLG im Kreis Soest und im Hochsauerlandkreis. Die Busse der RLG sind <br \/>am 21. Februar nicht unterwegs.<br \/><br \/>Im Sch\u00fclerverkehr und im \u00fcbrigen Linienverkehr entfallen zahlreiche Fahrten.<\/em><\/strong><\/p><p>Herzliche Gr\u00fc\u00dfe,<\/p><p>\u00a0<\/p><p>Seifert<\/p><p>Schulleitung<\/p>\t\t\t\t\t\t\t\t<\/div>\n\t\t\t\t<\/div>\n\t\t\t\t\t<\/div>\n\t\t<\/div>\n\t\t\t\t\t<\/div>\n\t\t<\/section>\n\t\t\t\t<\/div>\n\t\t","protected":false},"excerpt":{"rendered":"<p>Liebe Sch\u00fcler*innen, am morgigen Freitag, den 21. Februar 2025, streiken die Besch\u00e4ftigten der RLG. Dadurch werdenzahlreiche Fahrten im Sch\u00fclerverkehr entfallen. Bitte organisiert euch rechtzeitig und weicht auf alternative Fahrm\u00f6glichkeiten aus,&#8230;<\/p>\n","protected":false},"author":4,"featured_media":0,"comment_status":"closed","ping_status":"open","sticky":false,"template":"","format":"standard","meta":{"footnotes":""},"categories":[1],"tags":[],"class_list":["post-1078","post","type-post","status-publish","format-standard","hentry","category-allgemein","entry"],"featured_image_src":null,"author_info":{"display_name":"Sebastian Rachor","author_link":"https:\/\/www.kopernikusschule.de\/cms\/author\/sebastian-rachor\/"},"_links":{"self":[{"href":"https:\/\/www.kopernikusschule.de\/cms\/wp-json\/wp\/v2\/posts\/1078","targetHints":{"allow":["GET"]}}],"collection":[{"href":"https:\/\/www.kopernikusschule.de\/cms\/wp-json\/wp\/v2\/posts"}],"about":[{"href":"https:\/\/www.kopernikusschule.de\/cms\/wp-json\/wp\/v2\/types\/post"}],"author":[{"embeddable":true,"href":"https:\/\/www.kopernikusschule.de\/cms\/wp-json\/wp\/v2\/users\/4"}],"replies":[{"embeddable":true,"href":"https:\/\/www.kopernikusschule.de\/cms\/wp-json\/wp\/v2\/comments?post=1078"}],"version-history":[{"count":4,"href":"https:\/\/www.kopernikusschule.de\/cms\/wp-json\/wp\/v2\/posts\/1078\/revisions"}],"predecessor-version":[{"id":1082,"href":"https:\/\/www.kopernikusschule.de\/cms\/wp-json\/wp\/v2\/posts\/1078\/revisions\/1082"}],"wp:attachment":[{"href":"https:\/\/www.kopernikusschule.de\/cms\/wp-json\/wp\/v2\/media?parent=1078"}],"wp:term":[{"taxonomy":"category","embeddable":true,"href":"https:\/\/www.kopernikusschule.de\/cms\/wp-json\/wp\/v2\/categories?post=1078"},{"taxonomy":"post_tag","embeddable":true,"href":"https:\/\/www.kopernikusschule.de\/cms\/wp-json\/wp\/v2\/tags?post=1078"}],"curies":[{"name":"wp","href":"https:\/\/api.w.org\/{rel}","templated":true}]}}