{"id":1065,"date":"2025-01-30T14:55:11","date_gmt":"2025-01-30T13:55:11","guid":{"rendered":"https:\/\/www.kopernikusschule.de\/cms\/?p=1065"},"modified":"2025-01-30T14:57:30","modified_gmt":"2025-01-30T13:57:30","slug":"schulschneewoche-der-kopernikusschule","status":"publish","type":"post","link":"https:\/\/www.kopernikusschule.de\/cms\/schulschneewoche-der-kopernikusschule\/","title":{"rendered":"Schulschneewoche der Kopernikusschule"},"content":{"rendered":"\t\t<div data-elementor-type=\"wp-post\" data-elementor-id=\"1065\" class=\"elementor elementor-1065\" data-elementor-settings=\"{&quot;ha_cmc_init_switcher&quot;:&quot;no&quot;}\">\n\t\t\t\t\t\t<section class=\"elementor-section elementor-top-section elementor-element elementor-element-313f224 elementor-section-boxed elementor-section-height-default elementor-section-height-default wpr-particle-no wpr-jarallax-no wpr-parallax-no wpr-sticky-section-no wpr-equal-height-no\" data-id=\"313f224\" data-element_type=\"section\" data-e-type=\"section\" data-settings=\"{&quot;_ha_eqh_enable&quot;:false}\">\n\t\t\t\t\t\t<div class=\"elementor-container elementor-column-gap-default\">\n\t\t\t\t\t<div class=\"elementor-column elementor-col-100 elementor-top-column elementor-element elementor-element-953a449\" data-id=\"953a449\" data-element_type=\"column\" data-e-type=\"column\">\n\t\t\t<div class=\"elementor-widget-wrap elementor-element-populated\">\n\t\t\t\t\t\t<div class=\"elementor-element elementor-element-7d5cfdb elementor-widget elementor-widget-heading\" data-id=\"7d5cfdb\" data-element_type=\"widget\" data-e-type=\"widget\" data-widget_type=\"heading.default\">\n\t\t\t\t<div class=\"elementor-widget-container\">\n\t\t\t\t\t<h2 class=\"elementor-heading-title elementor-size-default\">Schulschneewoche der Kopernikusschule<\/h2>\t\t\t\t<\/div>\n\t\t\t\t<\/div>\n\t\t\t\t\t<\/div>\n\t\t<\/div>\n\t\t\t\t\t<\/div>\n\t\t<\/section>\n\t\t\t\t<section class=\"elementor-section elementor-top-section elementor-element elementor-element-9999b87 elementor-section-boxed elementor-section-height-default elementor-section-height-default wpr-particle-no wpr-jarallax-no wpr-parallax-no wpr-sticky-section-no wpr-equal-height-no\" data-id=\"9999b87\" data-element_type=\"section\" data-e-type=\"section\" data-settings=\"{&quot;_ha_eqh_enable&quot;:false}\">\n\t\t\t\t\t\t<div class=\"elementor-container elementor-column-gap-default\">\n\t\t\t\t\t<div class=\"elementor-column elementor-col-100 elementor-top-column elementor-element elementor-element-40a92ce\" data-id=\"40a92ce\" data-element_type=\"column\" data-e-type=\"column\">\n\t\t\t<div class=\"elementor-widget-wrap elementor-element-populated\">\n\t\t\t\t\t\t<div class=\"elementor-element elementor-element-0c39067 elementor-widget elementor-widget-image\" data-id=\"0c39067\" data-element_type=\"widget\" data-e-type=\"widget\" data-widget_type=\"image.default\">\n\t\t\t\t<div class=\"elementor-widget-container\">\n\t\t\t\t\t\t\t\t\t\t\t\t\t\t\t<img fetchpriority=\"high\" decoding=\"async\" width=\"1024\" height=\"768\" src=\"https:\/\/www.kopernikusschule.de\/cms\/wp-content\/uploads\/2025\/01\/IMG-20250124-WA0007-002-1024x768.jpg\" class=\"attachment-large size-large wp-image-1053\" alt=\"\" srcset=\"https:\/\/www.kopernikusschule.de\/cms\/wp-content\/uploads\/2025\/01\/IMG-20250124-WA0007-002-1024x768.jpg 1024w, https:\/\/www.kopernikusschule.de\/cms\/wp-content\/uploads\/2025\/01\/IMG-20250124-WA0007-002-300x225.jpg 300w, https:\/\/www.kopernikusschule.de\/cms\/wp-content\/uploads\/2025\/01\/IMG-20250124-WA0007-002-768x576.jpg 768w, https:\/\/www.kopernikusschule.de\/cms\/wp-content\/uploads\/2025\/01\/IMG-20250124-WA0007-002-1536x1152.jpg 1536w, https:\/\/www.kopernikusschule.de\/cms\/wp-content\/uploads\/2025\/01\/IMG-20250124-WA0007-002-640x480.jpg 640w, https:\/\/www.kopernikusschule.de\/cms\/wp-content\/uploads\/2025\/01\/IMG-20250124-WA0007-002.jpg 2000w\" sizes=\"(max-width: 1024px) 100vw, 1024px\" \/>\t\t\t\t\t\t\t\t\t\t\t\t\t\t\t<\/div>\n\t\t\t\t<\/div>\n\t\t\t\t\t<\/div>\n\t\t<\/div>\n\t\t\t\t\t<\/div>\n\t\t<\/section>\n\t\t\t\t<section class=\"elementor-section elementor-top-section elementor-element elementor-element-3be9565 elementor-section-boxed elementor-section-height-default elementor-section-height-default wpr-particle-no wpr-jarallax-no wpr-parallax-no wpr-sticky-section-no wpr-equal-height-no\" data-id=\"3be9565\" data-element_type=\"section\" data-e-type=\"section\" data-settings=\"{&quot;_ha_eqh_enable&quot;:false}\">\n\t\t\t\t\t\t<div class=\"elementor-container elementor-column-gap-default\">\n\t\t\t\t\t<div class=\"elementor-column elementor-col-100 elementor-top-column elementor-element elementor-element-17d6301\" data-id=\"17d6301\" data-element_type=\"column\" data-e-type=\"column\">\n\t\t\t<div class=\"elementor-widget-wrap elementor-element-populated\">\n\t\t\t\t\t\t<div class=\"elementor-element elementor-element-e32d4da elementor-widget elementor-widget-text-editor\" data-id=\"e32d4da\" data-element_type=\"widget\" data-e-type=\"widget\" data-widget_type=\"text-editor.default\">\n\t\t\t\t<div class=\"elementor-widget-container\">\n\t\t\t\t\t\t\t\t\t<p>Schulschneewoche der Kopernikusschule in Luttach, S\u00fcdtirol (17.01.25 &#8211; 25.01.25)<\/p><p><br \/>Vom 17. bis 25. Januar 2025 fand die diesj\u00e4hrige Schulschneewoche in Luttach, <br \/>S\u00fcdtirol, statt. An dieser nahmen Sch\u00fclerinnen und Sch\u00fcler der Jahrg\u00e4nge 8 bis 10 aus <br \/>dem Wahlpflichtkurs \u201eSport und Touristik\u201c sowie aus der Arbeitsgemeinschaft teil.<\/p><p><br \/>Die Woche war gepr\u00e4gt von einer Vielzahl an Aktivit\u00e4ten auf den Pisten, die sowohl f\u00fcr <br \/>Anf\u00e4nger als auch f\u00fcr fortgeschrittene Skifahrer geeignet waren. W\u00e4hrend die <br \/>Anf\u00e4nger ihre ersten Schw\u00fcnge erlernten, konnten die fortgeschrittenen Teilnehmer <br \/>auch anspruchsvollere Pisten meistern.<\/p><p><br \/>Die Gruppe wurde von einem engagierten Team aus Lehrkr\u00e4ften begleitet: <br \/>Herr Bl\u00fcthner, Frau Zassenhaus, Frau Buschmann, die Schulleiterin Frau Seifert und die <br \/>Integrationskraft Frau Lewen sorgten f\u00fcr eine sichere und unterst\u00fctzende <br \/>Atmosph\u00e4re.<\/p><p><br \/>Die Stimmung w\u00e4hrend der gesamten Woche war durchweg positiv. Die Sch\u00fclerinnen und <br \/>Sch\u00fcler hatten viel Spa\u00df und konnten nicht nur ihre sportlichen F\u00e4higkeiten verbessern, <br \/>sondern auch Freundschaften vertiefen. Viele von ihnen \u00e4u\u00dferten bereits den Wunsch, <br \/>auch im n\u00e4chsten Jahr wieder an der Schulschneewoche teilzunehmen. <\/p><p>Insgesamt war die Schulschneewoche ein gro\u00dfer Erfolg, der sowohl die sportliche als <br \/>auch die soziale Entwicklung der Teilnehmer f\u00f6rderte. <\/p><p>Wir freuen uns auf eine Wiederholung im kommenden Jahr!<\/p>\t\t\t\t\t\t\t\t<\/div>\n\t\t\t\t<\/div>\n\t\t\t\t\t<\/div>\n\t\t<\/div>\n\t\t\t\t\t<\/div>\n\t\t<\/section>\n\t\t\t\t<\/div>\n\t\t","protected":false},"excerpt":{"rendered":"<p>Schulschneewoche der Kopernikusschule Schulschneewoche der Kopernikusschule in Luttach, S\u00fcdtirol (17.01.25 &#8211; 25.01.25) Vom 17. bis 25. Januar 2025 fand die diesj\u00e4hrige Schulschneewoche in Luttach, S\u00fcdtirol, statt. An dieser nahmen Sch\u00fclerinnen&#8230;<\/p>\n","protected":false},"author":4,"featured_media":0,"comment_status":"closed","ping_status":"open","sticky":false,"template":"","format":"standard","meta":{"footnotes":""},"categories":[1],"tags":[],"class_list":["post-1065","post","type-post","status-publish","format-standard","hentry","category-allgemein","entry"],"featured_image_src":null,"author_info":{"display_name":"Sebastian Rachor","author_link":"https:\/\/www.kopernikusschule.de\/cms\/author\/sebastian-rachor\/"},"_links":{"self":[{"href":"https:\/\/www.kopernikusschule.de\/cms\/wp-json\/wp\/v2\/posts\/1065","targetHints":{"allow":["GET"]}}],"collection":[{"href":"https:\/\/www.kopernikusschule.de\/cms\/wp-json\/wp\/v2\/posts"}],"about":[{"href":"https:\/\/www.kopernikusschule.de\/cms\/wp-json\/wp\/v2\/types\/post"}],"author":[{"embeddable":true,"href":"https:\/\/www.kopernikusschule.de\/cms\/wp-json\/wp\/v2\/users\/4"}],"replies":[{"embeddable":true,"href":"https:\/\/www.kopernikusschule.de\/cms\/wp-json\/wp\/v2\/comments?post=1065"}],"version-history":[{"count":4,"href":"https:\/\/www.kopernikusschule.de\/cms\/wp-json\/wp\/v2\/posts\/1065\/revisions"}],"predecessor-version":[{"id":1069,"href":"https:\/\/www.kopernikusschule.de\/cms\/wp-json\/wp\/v2\/posts\/1065\/revisions\/1069"}],"wp:attachment":[{"href":"https:\/\/www.kopernikusschule.de\/cms\/wp-json\/wp\/v2\/media?parent=1065"}],"wp:term":[{"taxonomy":"category","embeddable":true,"href":"https:\/\/www.kopernikusschule.de\/cms\/wp-json\/wp\/v2\/categories?post=1065"},{"taxonomy":"post_tag","embeddable":true,"href":"https:\/\/www.kopernikusschule.de\/cms\/wp-json\/wp\/v2\/tags?post=1065"}],"curies":[{"name":"wp","href":"https:\/\/api.w.org\/{rel}","templated":true}]}}